{"id":2543,"date":"2025-03-25T11:51:00","date_gmt":"2025-03-25T11:51:00","guid":{"rendered":"https:\/\/jerez2031.com\/the-jerez-summer-courses-are-born-as-a-forum-for-meeting-and-reflection-on-the-issues-that-will-mark-the-future-of-the-european-project\/"},"modified":"2025-03-25T11:51:00","modified_gmt":"2025-03-25T11:51:00","slug":"the-jerez-summer-courses-are-born-as-a-forum-for-meeting-and-reflection-on-the-issues-that-will-mark-the-future-of-the-european-project","status":"publish","type":"post","link":"https:\/\/jerez2031.com\/en\/the-jerez-summer-courses-are-born-as-a-forum-for-meeting-and-reflection-on-the-issues-that-will-mark-the-future-of-the-european-project\/","title":{"rendered":"The Jerez Summer Courses are born as a forum for meeting and reflection on the issues that will mark the future of the European project"},"content":{"rendered":"<p>The Jerez City Council, the University of C\u00e1diz (UCA) and the International University of Andalusia (UNIA) have joined forces to, with the support of the Regional Government&#8217;s Department of University, Research and Innovation, launch the Jerez Summer Courses, the first edition of which will take place in the second half of 2025 with the aim of non-aligned initiatives within the framework of Jerez&#8217;s candidacy for the European Capital of Culture 2031.<\/p>\n<p>Thus, the three institutions have sealed an agreement and have expressed in writing their commitment to promote and give continuity to this new forum for international meeting and reflection with the aim of addressing, from the fields of academia and culture, the major issues which will mark the future of the European project.<\/p>\n<p>The institutional collaboration agreement for the creation of these seasonal courses has been signed by the Mayor of Jerez, Mar\u00eda Jos\u00e9 Garc\u00eda Pelayo, the Rector of the University of C\u00e1diz, Casimiro Mantell, and the Rector of the International University of Andalusia, Jos\u00e9 Ignacio Garc\u00eda, together with the Minister of University, Research and Innovation of the Andalusian Government, Juan Carlos G\u00f3mez.<\/p>\n","protected":false},"excerpt":{"rendered":"<p>The Jerez City Council, the University of C\u00e1diz (UCA) and the International University of Andalusia (UNIA) have joined forces to, with the support of the Regional Government&#8217;s Department of University, Research and Innovation, launch the Jerez Summer Courses, the first edition of which will take place in the second half of 2025 with the aim [&hellip;]<\/p>\n","protected":false},"author":1,"featured_media":2162,"comment_status":"closed","ping_status":"closed","sticky":false,"template":"","format":"standard","meta":{"_monsterinsights_skip_tracking":false,"_monsterinsights_sitenote_active":false,"_monsterinsights_sitenote_note":"","_monsterinsights_sitenote_category":0,"footnotes":""},"categories":[36],"tags":[],"class_list":["post-2543","post","type-post","status-publish","format-standard","has-post-thumbnail","hentry","category-sin-categoria-en"],"aioseo_notices":[],"_links":{"self":[{"href":"https:\/\/jerez2031.com\/en\/wp-json\/wp\/v2\/posts\/2543","targetHints":{"allow":["GET"]}}],"collection":[{"href":"https:\/\/jerez2031.com\/en\/wp-json\/wp\/v2\/posts"}],"about":[{"href":"https:\/\/jerez2031.com\/en\/wp-json\/wp\/v2\/types\/post"}],"author":[{"embeddable":true,"href":"https:\/\/jerez2031.com\/en\/wp-json\/wp\/v2\/users\/1"}],"replies":[{"embeddable":true,"href":"https:\/\/jerez2031.com\/en\/wp-json\/wp\/v2\/comments?post=2543"}],"version-history":[{"count":0,"href":"https:\/\/jerez2031.com\/en\/wp-json\/wp\/v2\/posts\/2543\/revisions"}],"wp:featuredmedia":[{"embeddable":true,"href":"https:\/\/jerez2031.com\/en\/wp-json\/wp\/v2\/media\/2162"}],"wp:attachment":[{"href":"https:\/\/jerez2031.com\/en\/wp-json\/wp\/v2\/media?parent=2543"}],"wp:term":[{"taxonomy":"category","embeddable":true,"href":"https:\/\/jerez2031.com\/en\/wp-json\/wp\/v2\/categories?post=2543"},{"taxonomy":"post_tag","embeddable":true,"href":"https:\/\/jerez2031.com\/en\/wp-json\/wp\/v2\/tags?post=2543"}],"curies":[{"name":"wp","href":"https:\/\/api.w.org\/{rel}","templated":true}]}}